{"id":15752,"date":"2019-11-09T17:03:48","date_gmt":"2019-11-09T16:03:48","guid":{"rendered":"https:\/\/2024.plugmeinproject.com\/?p=15752"},"modified":"2022-12-13T15:20:22","modified_gmt":"2022-12-13T14:20:22","slug":"keynote-trailer-nederland-naar-australie-in-een-elektrische-auto","status":"publish","type":"post","link":"https:\/\/2024.plugmeinproject.com\/nl\/keynote-trailer-nederland-naar-australie-in-een-elektrische-auto\/","title":{"rendered":"Keynote Trailer: Nederland naar Australie in een elektrische auto"},"content":{"rendered":"<p>E\u00e9n man. E\u00e9n auto. E\u00e9n missie. Geen uitstoot. 1222 dagen. 34 landen. 100.450 km van Nederland naar Nieuw Zeeland in een elektrische auto. En 437 manieren om mijn naam uit te spreken. Aangedreven door de menselijke energie van honderden mensen die ik onderweg heb ontmoet. Geniet van deze introductie voor mijn Keynote talks.<\/p>\n","protected":false},"excerpt":{"rendered":"<p>E\u00e9n man. E\u00e9n auto. E\u00e9n missie. Geen uitstoot. 1222 dagen. 34 landen. 100.450 km van Nederland naar Nieuw Zeeland in [&hellip;]<\/p>\n","protected":false},"author":1,"featured_media":15422,"comment_status":"closed","ping_status":"closed","sticky":false,"template":"","format":"video","meta":{"footnotes":""},"categories":[1539],"tags":[1546,1547,1548,1549,1550,1551,1552,1553,1554,1555,1556,1557,1558],"yoast_head":"<!-- This site is optimized with the Yoast SEO plugin v22.6 - https:\/\/yoast.com\/wordpress\/plugins\/seo\/ -->\n<title>Keynote Trailer: Nederland naar Australie in een elektrische auto - Plug Me In<\/title>\n<meta name=\"robots\" content=\"noindex, follow, max-snippet:-1, max-image-preview:large, max-video-preview:-1\" \/>\n<meta name=\"twitter:card\" content=\"summary_large_image\" \/>\n<meta name=\"twitter:title\" content=\"Keynote Trailer: Nederland naar Australie in een elektrische auto - Plug Me In\" \/>\n<meta name=\"twitter:description\" content=\"E\u00e9n man. E\u00e9n auto. E\u00e9n missie. Geen uitstoot. 1222 dagen. 34 landen. 100.450 km van Nederland naar Nieuw Zeeland in [&hellip;]\" \/>\n<meta name=\"twitter:image\" content=\"https:\/\/2024.plugmeinproject.com\/wp-content\/uploads\/2019\/11\/MVI_5110.00_01_26_16.Still001.jpg\" \/>\n<meta name=\"twitter:creator\" content=\"@https:\/\/twitter.com\/WiebeWkkr\" \/>\n<meta name=\"twitter:site\" content=\"@WiebeWkkr\" \/>\n<meta name=\"twitter:label1\" content=\"Geschreven door\" \/>\n\t<meta name=\"twitter:data1\" content=\"Wiebe\" \/>\n\t<meta name=\"twitter:label2\" content=\"Geschatte leestijd\" \/>\n\t<meta name=\"twitter:data2\" content=\"1 minuut\" \/>\n<script type=\"application\/ld+json\" class=\"yoast-schema-graph\">{\"@context\":\"https:\/\/schema.org\",\"@graph\":[{\"@type\":\"Article\",\"@id\":\"https:\/\/2024.plugmeinproject.com\/nl\/keynote-trailer-nederland-naar-australie-in-een-elektrische-auto\/#article\",\"isPartOf\":{\"@id\":\"https:\/\/2024.plugmeinproject.com\/nl\/keynote-trailer-nederland-naar-australie-in-een-elektrische-auto\/\"},\"author\":{\"name\":\"Wiebe\",\"@id\":\"https:\/\/2024.plugmeinproject.com\/nl\/#\/schema\/person\/3ef6321bb5dccb9156884777f3ef3d2c\"},\"headline\":\"Keynote Trailer: Nederland naar Australie in een elektrische auto\",\"datePublished\":\"2019-11-09T16:03:48+00:00\",\"dateModified\":\"2022-12-13T14:20:22+00:00\",\"mainEntityOfPage\":{\"@id\":\"https:\/\/2024.plugmeinproject.com\/nl\/keynote-trailer-nederland-naar-australie-in-een-elektrische-auto\/\"},\"wordCount\":61,\"publisher\":{\"@id\":\"https:\/\/2024.plugmeinproject.com\/nl\/#\/schema\/person\/3ef6321bb5dccb9156884777f3ef3d2c\"},\"image\":{\"@id\":\"https:\/\/2024.plugmeinproject.com\/nl\/keynote-trailer-nederland-naar-australie-in-een-elektrische-auto\/#primaryimage\"},\"thumbnailUrl\":\"https:\/\/2024.plugmeinproject.com\/wp-content\/uploads\/2019\/11\/MVI_5110.00_01_26_16.Still001.jpg\",\"keywords\":[\"australia\",\"Blue Bandit\",\"Electric Car\",\"Electric Vehicle\",\"EV\",\"Keynote talk\",\"Netherlands\",\"plug me in\",\"Public Speaker\",\"Speaker\",\"Talk\",\"Trailer\",\"Wiebe Wakker\"],\"articleSection\":[\"Videos\"],\"inLanguage\":\"nl-NL\"},{\"@type\":\"WebPage\",\"@id\":\"https:\/\/2024.plugmeinproject.com\/nl\/keynote-trailer-nederland-naar-australie-in-een-elektrische-auto\/\",\"url\":\"https:\/\/2024.plugmeinproject.com\/nl\/keynote-trailer-nederland-naar-australie-in-een-elektrische-auto\/\",\"name\":\"Keynote Trailer: Nederland naar Australie in een elektrische auto - Plug Me In\",\"isPartOf\":{\"@id\":\"https:\/\/2024.plugmeinproject.com\/nl\/#website\"},\"primaryImageOfPage\":{\"@id\":\"https:\/\/2024.plugmeinproject.com\/nl\/keynote-trailer-nederland-naar-australie-in-een-elektrische-auto\/#primaryimage\"},\"image\":{\"@id\":\"https:\/\/2024.plugmeinproject.com\/nl\/keynote-trailer-nederland-naar-australie-in-een-elektrische-auto\/#primaryimage\"},\"thumbnailUrl\":\"https:\/\/2024.plugmeinproject.com\/wp-content\/uploads\/2019\/11\/MVI_5110.00_01_26_16.Still001.jpg\",\"datePublished\":\"2019-11-09T16:03:48+00:00\",\"dateModified\":\"2022-12-13T14:20:22+00:00\",\"breadcrumb\":{\"@id\":\"https:\/\/2024.plugmeinproject.com\/nl\/keynote-trailer-nederland-naar-australie-in-een-elektrische-auto\/#breadcrumb\"},\"inLanguage\":\"nl-NL\",\"potentialAction\":[{\"@type\":\"ReadAction\",\"target\":[\"https:\/\/2024.plugmeinproject.com\/nl\/keynote-trailer-nederland-naar-australie-in-een-elektrische-auto\/\"]}]},{\"@type\":\"ImageObject\",\"inLanguage\":\"nl-NL\",\"@id\":\"https:\/\/2024.plugmeinproject.com\/nl\/keynote-trailer-nederland-naar-australie-in-een-elektrische-auto\/#primaryimage\",\"url\":\"https:\/\/2024.plugmeinproject.com\/wp-content\/uploads\/2019\/11\/MVI_5110.00_01_26_16.Still001.jpg\",\"contentUrl\":\"https:\/\/2024.plugmeinproject.com\/wp-content\/uploads\/2019\/11\/MVI_5110.00_01_26_16.Still001.jpg\",\"width\":1920,\"height\":1080},{\"@type\":\"BreadcrumbList\",\"@id\":\"https:\/\/2024.plugmeinproject.com\/nl\/keynote-trailer-nederland-naar-australie-in-een-elektrische-auto\/#breadcrumb\",\"itemListElement\":[{\"@type\":\"ListItem\",\"position\":1,\"name\":\"Home\",\"item\":\"https:\/\/2024.plugmeinproject.com\/nl\/\"},{\"@type\":\"ListItem\",\"position\":2,\"name\":\"Keynote Trailer: Nederland naar Australie in een elektrische auto\"}]},{\"@type\":\"WebSite\",\"@id\":\"https:\/\/2024.plugmeinproject.com\/nl\/#website\",\"url\":\"https:\/\/2024.plugmeinproject.com\/nl\/\",\"name\":\"Plug Me In\",\"description\":\"A road trip from Holland to Australia by electric car to make a documentary about sustainability. Without any money I need your energy, please Plug Me In!\",\"publisher\":{\"@id\":\"https:\/\/2024.plugmeinproject.com\/nl\/#\/schema\/person\/3ef6321bb5dccb9156884777f3ef3d2c\"},\"potentialAction\":[{\"@type\":\"SearchAction\",\"target\":{\"@type\":\"EntryPoint\",\"urlTemplate\":\"https:\/\/2024.plugmeinproject.com\/nl\/?s={search_term_string}\"},\"query-input\":\"required name=search_term_string\"}],\"inLanguage\":\"nl-NL\"},{\"@type\":[\"Person\",\"Organization\"],\"@id\":\"https:\/\/2024.plugmeinproject.com\/nl\/#\/schema\/person\/3ef6321bb5dccb9156884777f3ef3d2c\",\"name\":\"Wiebe\",\"image\":{\"@type\":\"ImageObject\",\"inLanguage\":\"nl-NL\",\"@id\":\"https:\/\/2024.plugmeinproject.com\/nl\/#\/schema\/person\/image\/\",\"url\":\"https:\/\/2024.plugmeinproject.com\/wp-content\/uploads\/2022\/04\/Wiebe-Wakker-Inspirerend-spreker-1.jpg\",\"contentUrl\":\"https:\/\/2024.plugmeinproject.com\/wp-content\/uploads\/2022\/04\/Wiebe-Wakker-Inspirerend-spreker-1.jpg\",\"width\":1778,\"height\":1176,\"caption\":\"Wiebe\"},\"logo\":{\"@id\":\"https:\/\/2024.plugmeinproject.com\/nl\/#\/schema\/person\/image\/\"},\"sameAs\":[\"https:\/\/www.facebook.com\/plugmein\",\"https:\/\/www.instagram.com\/plugmeintravel\/\",\"https:\/\/www.linkedin.com\/in\/wiebewakker\/\",\"https:\/\/x.com\/https:\/\/twitter.com\/WiebeWkkr\",\"https:\/\/en.wikipedia.org\/wiki\/Wiebe_Wakker\"]}]}<\/script>\n<!-- \/ Yoast SEO plugin. -->","yoast_head_json":{"title":"Keynote Trailer: Nederland naar Australie in een elektrische auto - Plug Me In","robots":{"index":"noindex","follow":"follow","max-snippet":"max-snippet:-1","max-image-preview":"max-image-preview:large","max-video-preview":"max-video-preview:-1"},"twitter_card":"summary_large_image","twitter_title":"Keynote Trailer: Nederland naar Australie in een elektrische auto - Plug Me In","twitter_description":"E\u00e9n man. E\u00e9n auto. E\u00e9n missie. Geen uitstoot. 1222 dagen. 34 landen. 100.450 km van Nederland naar Nieuw Zeeland in [&hellip;]","twitter_image":"https:\/\/2024.plugmeinproject.com\/wp-content\/uploads\/2019\/11\/MVI_5110.00_01_26_16.Still001.jpg","twitter_creator":"@https:\/\/twitter.com\/WiebeWkkr","twitter_site":"@WiebeWkkr","twitter_misc":{"Geschreven door":"Wiebe","Geschatte leestijd":"1 minuut"},"schema":{"@context":"https:\/\/schema.org","@graph":[{"@type":"Article","@id":"https:\/\/2024.plugmeinproject.com\/nl\/keynote-trailer-nederland-naar-australie-in-een-elektrische-auto\/#article","isPartOf":{"@id":"https:\/\/2024.plugmeinproject.com\/nl\/keynote-trailer-nederland-naar-australie-in-een-elektrische-auto\/"},"author":{"name":"Wiebe","@id":"https:\/\/2024.plugmeinproject.com\/nl\/#\/schema\/person\/3ef6321bb5dccb9156884777f3ef3d2c"},"headline":"Keynote Trailer: Nederland naar Australie in een elektrische auto","datePublished":"2019-11-09T16:03:48+00:00","dateModified":"2022-12-13T14:20:22+00:00","mainEntityOfPage":{"@id":"https:\/\/2024.plugmeinproject.com\/nl\/keynote-trailer-nederland-naar-australie-in-een-elektrische-auto\/"},"wordCount":61,"publisher":{"@id":"https:\/\/2024.plugmeinproject.com\/nl\/#\/schema\/person\/3ef6321bb5dccb9156884777f3ef3d2c"},"image":{"@id":"https:\/\/2024.plugmeinproject.com\/nl\/keynote-trailer-nederland-naar-australie-in-een-elektrische-auto\/#primaryimage"},"thumbnailUrl":"https:\/\/2024.plugmeinproject.com\/wp-content\/uploads\/2019\/11\/MVI_5110.00_01_26_16.Still001.jpg","keywords":["australia","Blue Bandit","Electric Car","Electric Vehicle","EV","Keynote talk","Netherlands","plug me in","Public Speaker","Speaker","Talk","Trailer","Wiebe Wakker"],"articleSection":["Videos"],"inLanguage":"nl-NL"},{"@type":"WebPage","@id":"https:\/\/2024.plugmeinproject.com\/nl\/keynote-trailer-nederland-naar-australie-in-een-elektrische-auto\/","url":"https:\/\/2024.plugmeinproject.com\/nl\/keynote-trailer-nederland-naar-australie-in-een-elektrische-auto\/","name":"Keynote Trailer: Nederland naar Australie in een elektrische auto - Plug Me In","isPartOf":{"@id":"https:\/\/2024.plugmeinproject.com\/nl\/#website"},"primaryImageOfPage":{"@id":"https:\/\/2024.plugmeinproject.com\/nl\/keynote-trailer-nederland-naar-australie-in-een-elektrische-auto\/#primaryimage"},"image":{"@id":"https:\/\/2024.plugmeinproject.com\/nl\/keynote-trailer-nederland-naar-australie-in-een-elektrische-auto\/#primaryimage"},"thumbnailUrl":"https:\/\/2024.plugmeinproject.com\/wp-content\/uploads\/2019\/11\/MVI_5110.00_01_26_16.Still001.jpg","datePublished":"2019-11-09T16:03:48+00:00","dateModified":"2022-12-13T14:20:22+00:00","breadcrumb":{"@id":"https:\/\/2024.plugmeinproject.com\/nl\/keynote-trailer-nederland-naar-australie-in-een-elektrische-auto\/#breadcrumb"},"inLanguage":"nl-NL","potentialAction":[{"@type":"ReadAction","target":["https:\/\/2024.plugmeinproject.com\/nl\/keynote-trailer-nederland-naar-australie-in-een-elektrische-auto\/"]}]},{"@type":"ImageObject","inLanguage":"nl-NL","@id":"https:\/\/2024.plugmeinproject.com\/nl\/keynote-trailer-nederland-naar-australie-in-een-elektrische-auto\/#primaryimage","url":"https:\/\/2024.plugmeinproject.com\/wp-content\/uploads\/2019\/11\/MVI_5110.00_01_26_16.Still001.jpg","contentUrl":"https:\/\/2024.plugmeinproject.com\/wp-content\/uploads\/2019\/11\/MVI_5110.00_01_26_16.Still001.jpg","width":1920,"height":1080},{"@type":"BreadcrumbList","@id":"https:\/\/2024.plugmeinproject.com\/nl\/keynote-trailer-nederland-naar-australie-in-een-elektrische-auto\/#breadcrumb","itemListElement":[{"@type":"ListItem","position":1,"name":"Home","item":"https:\/\/2024.plugmeinproject.com\/nl\/"},{"@type":"ListItem","position":2,"name":"Keynote Trailer: Nederland naar Australie in een elektrische auto"}]},{"@type":"WebSite","@id":"https:\/\/2024.plugmeinproject.com\/nl\/#website","url":"https:\/\/2024.plugmeinproject.com\/nl\/","name":"Plug Me In","description":"A road trip from Holland to Australia by electric car to make a documentary about sustainability. Without any money I need your energy, please Plug Me In!","publisher":{"@id":"https:\/\/2024.plugmeinproject.com\/nl\/#\/schema\/person\/3ef6321bb5dccb9156884777f3ef3d2c"},"potentialAction":[{"@type":"SearchAction","target":{"@type":"EntryPoint","urlTemplate":"https:\/\/2024.plugmeinproject.com\/nl\/?s={search_term_string}"},"query-input":"required name=search_term_string"}],"inLanguage":"nl-NL"},{"@type":["Person","Organization"],"@id":"https:\/\/2024.plugmeinproject.com\/nl\/#\/schema\/person\/3ef6321bb5dccb9156884777f3ef3d2c","name":"Wiebe","image":{"@type":"ImageObject","inLanguage":"nl-NL","@id":"https:\/\/2024.plugmeinproject.com\/nl\/#\/schema\/person\/image\/","url":"https:\/\/2024.plugmeinproject.com\/wp-content\/uploads\/2022\/04\/Wiebe-Wakker-Inspirerend-spreker-1.jpg","contentUrl":"https:\/\/2024.plugmeinproject.com\/wp-content\/uploads\/2022\/04\/Wiebe-Wakker-Inspirerend-spreker-1.jpg","width":1778,"height":1176,"caption":"Wiebe"},"logo":{"@id":"https:\/\/2024.plugmeinproject.com\/nl\/#\/schema\/person\/image\/"},"sameAs":["https:\/\/www.facebook.com\/plugmein","https:\/\/www.instagram.com\/plugmeintravel\/","https:\/\/www.linkedin.com\/in\/wiebewakker\/","https:\/\/x.com\/https:\/\/twitter.com\/WiebeWkkr","https:\/\/en.wikipedia.org\/wiki\/Wiebe_Wakker"]}]}},"_links":{"self":[{"href":"https:\/\/2024.plugmeinproject.com\/nl\/wp-json\/wp\/v2\/posts\/15752"}],"collection":[{"href":"https:\/\/2024.plugmeinproject.com\/nl\/wp-json\/wp\/v2\/posts"}],"about":[{"href":"https:\/\/2024.plugmeinproject.com\/nl\/wp-json\/wp\/v2\/types\/post"}],"author":[{"embeddable":true,"href":"https:\/\/2024.plugmeinproject.com\/nl\/wp-json\/wp\/v2\/users\/1"}],"replies":[{"embeddable":true,"href":"https:\/\/2024.plugmeinproject.com\/nl\/wp-json\/wp\/v2\/comments?post=15752"}],"version-history":[{"count":5,"href":"https:\/\/2024.plugmeinproject.com\/nl\/wp-json\/wp\/v2\/posts\/15752\/revisions"}],"predecessor-version":[{"id":15892,"href":"https:\/\/2024.plugmeinproject.com\/nl\/wp-json\/wp\/v2\/posts\/15752\/revisions\/15892"}],"wp:featuredmedia":[{"embeddable":true,"href":"https:\/\/2024.plugmeinproject.com\/nl\/wp-json\/wp\/v2\/media\/15422"}],"wp:attachment":[{"href":"https:\/\/2024.plugmeinproject.com\/nl\/wp-json\/wp\/v2\/media?parent=15752"}],"wp:term":[{"taxonomy":"category","embeddable":true,"href":"https:\/\/2024.plugmeinproject.com\/nl\/wp-json\/wp\/v2\/categories?post=15752"},{"taxonomy":"post_tag","embeddable":true,"href":"https:\/\/2024.plugmeinproject.com\/nl\/wp-json\/wp\/v2\/tags?post=15752"}],"curies":[{"name":"wp","href":"https:\/\/api.w.org\/{rel}","templated":true}]}}